{"id":2371,"date":"2023-11-22T14:40:01","date_gmt":"2023-11-22T13:40:01","guid":{"rendered":"https:\/\/bnuto.cultura.gov.it\/?post_type=events&#038;p=2371"},"modified":"2023-11-22T14:50:23","modified_gmt":"2023-11-22T13:50:23","slug":"leggilo-e-raccontalo-finale-del-concorso-per-giovani-creativi","status":"publish","type":"eventi-e-news","link":"https:\/\/bnuto.cultura.gov.it\/en\/events-and-news\/leggilo-e-raccontalo-finale-del-concorso-per-giovani-creativi\/","title":{"rendered":"Leggilo e raccontalo. Finale del concorso per giovani creativi"},"content":{"rendered":"<div class=\"\" data-block=\"true\" data-editor=\"anb5f\" data-offset-key=\"4nbpl-0-0\">\n<div class=\"_1mf _1mj\" data-offset-key=\"4nbpl-0-0\"><span data-offset-key=\"4nbpl-0-0\">Nell&#8217;ambito del <strong>Festival del Classico<\/strong>, organizzato dalla Fondazione Circolo dei Lettori,<\/span><span data-offset-key=\"4nbpl-2-0\"><strong> venerd\u00ec 1\u00b0 dicembre alle 10<\/strong> l&#8217;Auditorium Vivaldi ospita <strong>Leggilo e raccontalo. Finale del concorso per giovani creativi<\/strong>.<\/span><\/div>\n<\/div>\n<div class=\"\" data-block=\"true\" data-editor=\"anb5f\" data-offset-key=\"fe4dh-0-0\">\n<div class=\"_1mf _1mj\" data-offset-key=\"fe4dh-0-0\"><span data-offset-key=\"fe4dh-0-0\">\u00a0<\/span><\/div>\n<\/div>\n<div class=\"\" data-block=\"true\" data-editor=\"anb5f\" data-offset-key=\"dk1th-0-0\">\n<div class=\"_1mf _1mj\" data-offset-key=\"dk1th-0-0\"><span data-offset-key=\"dk1th-0-0\">Studenti e studentesse di istituti secondari superiori raccontano alla giuria i libri letti, scelti fra testi della letteratura orientale, classici del teatro greco, saggi sui temi del festival. Chi porter\u00e0 sul palco lo speech migliore vincer\u00e0 la possibilit\u00e0 di frequentare un corso di scrittura presso la Scuola Holden e un corso di public speaking in ambiente e-REAL. <\/span><\/div>\n<div data-offset-key=\"dk1th-0-0\"><\/div>\n<div class=\"_1mf _1mj\" data-offset-key=\"dk1th-0-0\">La giuria \u00e8 composta da: Elena Loewenthal, Olimpia Imperio, Clarissa Forte, Pinuccia Caracchi e Fernando Salvetti.<\/div>\n<\/div>\n<div class=\"\" data-block=\"true\" data-editor=\"anb5f\" data-offset-key=\"34hon-0-0\">\n<div class=\"_1mf _1mj\" data-offset-key=\"34hon-0-0\"><span data-offset-key=\"34hon-0-0\">\u00a0<\/span><\/div>\n<\/div>\n<div class=\"\" data-block=\"true\" data-editor=\"anb5f\" data-offset-key=\"3gi08-0-0\">\n<div class=\"_1mf _1mj\" data-offset-key=\"3gi08-0-0\"><span data-offset-key=\"3gi08-0-0\">Introduce l&#8217;evento <strong>Luciano Canfora<\/strong> con la lezione <em>Una biblioteca tra due mondi: Alessandria<\/em>.<br \/>\n<\/span><\/div>\n<\/div>\n<div class=\"\" data-block=\"true\" data-editor=\"anb5f\" data-offset-key=\"brngm-0-0\">\n<div class=\"_1mf _1mj\" data-offset-key=\"brngm-0-0\"><span data-offset-key=\"brngm-0-0\">\u00a0<\/span><\/div>\n<\/div>\n<div class=\"\" data-block=\"true\" data-editor=\"anb5f\" data-offset-key=\"4mq0l-0-0\">\n<div class=\"_1mf _1mj\" data-offset-key=\"4mq0l-0-0\"><span data-offset-key=\"4mq0l-0-0\"><strong>Fabio Uliana<\/strong>, coordinatore Ufficio fondi antichi della Biblioteca Nazionale, presenta la mostra <strong>Storie di libri<\/strong>, che ripercorre i 300 anni dalla nascita dell&#8217;istituto attraverso una selezione di alcune tra le opere pi\u00f9 rappresentative che conserva. <\/span><\/div>\n<\/div>\n<div class=\"\" data-block=\"true\" data-editor=\"anb5f\" data-offset-key=\"c2f3a-0-0\">\n<div class=\"_1mf _1mj\" data-offset-key=\"c2f3a-0-0\"><span data-offset-key=\"c2f3a-0-0\">\u00a0<\/span><\/div>\n<\/div>\n<div class=\"\" data-block=\"true\" data-editor=\"anb5f\" data-offset-key=\"5tq12-0-0\">\n<div class=\"_1mf _1mj\" data-offset-key=\"5tq12-0-0\"><span data-offset-key=\"5tq12-0-0\">Ingresso gratuito con prenotazione obbligatoria a questo <a href=\"https:\/\/prenotazioni.circololettori.it\/events\/event\/y9Vg9MKVlXDunOITQ8W3\" target=\"_blank\" rel=\"noopener\">link<\/a> <\/span><\/div>\n<\/div>\n<div data-offset-key=\"5tq12-0-0\"><\/div>\n<div data-offset-key=\"5tq12-0-0\">Info: <a href=\"https:\/\/www.festivaldelclassico.it\/\" target=\"_blank\" rel=\"noopener\">https:\/\/www.festivaldelclassico.it\/<\/a><\/div>\n","protected":false},"featured_media":0,"template":"","meta":{"_acf_changed":false},"categories_event":[20],"class_list":["post-2371","eventi-e-news","type-eventi-e-news","status-publish","hentry","categories_event-conferenze"],"acf":{"data-inizio-evento":"20231201","data_fine_evento":"20231201","testo_lato_immagine":"<div class=\"\" data-block=\"true\" data-editor=\"anb5f\" data-offset-key=\"4nbpl-0-0\"><\/div>\r\n<div class=\"\" data-block=\"true\" data-editor=\"anb5f\" data-offset-key=\"5tq12-0-0\">\r\n<div class=\"_1mf _1mj\" data-offset-key=\"5tq12-0-0\"><\/div>\r\n<\/div>\r\n<div class=\"\" data-block=\"true\" data-editor=\"anb5f\" data-offset-key=\"8geu6-0-0\">\r\n<div class=\"_1mf _1mj\" data-offset-key=\"8geu6-0-0\"><\/div>\r\n<\/div>","form_evento":"","guarda_su_youtube":"","breve_info":"","luogo":""},"yoast_head":"<!-- This site is optimized with the Yoast SEO plugin v27.5 - https:\/\/yoast.com\/product\/yoast-seo-wordpress\/ -->\n<title>Leggilo e raccontalo. Finale del concorso per giovani creativi | Biblioteca Nazionale Universitaria di Torino<\/title>\n<meta name=\"robots\" content=\"index, follow, max-snippet:-1, max-image-preview:large, max-video-preview:-1\" \/>\n<link rel=\"canonical\" href=\"https:\/\/bnuto.cultura.gov.it\/en\/events-and-news\/leggilo-e-raccontalo-finale-del-concorso-per-giovani-creativi\/\" \/>\n<meta property=\"og:locale\" content=\"en_US\" \/>\n<meta property=\"og:type\" content=\"article\" \/>\n<meta property=\"og:title\" content=\"Leggilo e raccontalo. Finale del concorso per giovani creativi | Biblioteca Nazionale Universitaria di Torino\" \/>\n<meta property=\"og:description\" content=\"Nell&#8217;ambito del Festival del Classico, organizzato dalla Fondazione Circolo dei Lettori, venerd\u00ec 1\u00b0 dicembre alle 10 l&#8217;Auditorium Vivaldi ospita Leggilo e raccontalo. Finale del concorso per giovani creativi. \u00a0 Studenti e studentesse di istituti secondari superiori raccontano alla giuria i libri letti, scelti fra testi della letteratura orientale, classici del teatro greco, saggi sui temi...\" \/>\n<meta property=\"og:url\" content=\"https:\/\/bnuto.cultura.gov.it\/en\/events-and-news\/leggilo-e-raccontalo-finale-del-concorso-per-giovani-creativi\/\" \/>\n<meta property=\"og:site_name\" content=\"Biblioteca Nazionale Universitaria di Torino\" \/>\n<meta property=\"article:modified_time\" content=\"2023-11-22T13:50:23+00:00\" \/>\n<meta property=\"og:image\" content=\"https:\/\/bnuto.cultura.gov.it\/wp-content\/uploads\/2023\/11\/Leggilo-e-raccontalo-Classico23-.jpg\" \/>\n\t<meta property=\"og:image:width\" content=\"1920\" \/>\n\t<meta property=\"og:image:height\" content=\"1080\" \/>\n\t<meta property=\"og:image:type\" content=\"image\/jpeg\" \/>\n<meta name=\"twitter:card\" content=\"summary_large_image\" \/>\n<meta name=\"twitter:label1\" content=\"Est. reading time\" \/>\n\t<meta name=\"twitter:data1\" content=\"1 minute\" \/>\n<script type=\"application\/ld+json\" class=\"yoast-schema-graph\">{\"@context\":\"https:\\\/\\\/schema.org\",\"@graph\":[{\"@type\":\"WebPage\",\"@id\":\"https:\\\/\\\/bnuto.cultura.gov.it\\\/en\\\/events-and-news\\\/leggilo-e-raccontalo-finale-del-concorso-per-giovani-creativi\\\/\",\"url\":\"https:\\\/\\\/bnuto.cultura.gov.it\\\/en\\\/events-and-news\\\/leggilo-e-raccontalo-finale-del-concorso-per-giovani-creativi\\\/\",\"name\":\"Leggilo e raccontalo. Finale del concorso per giovani creativi | Biblioteca Nazionale Universitaria di Torino\",\"isPartOf\":{\"@id\":\"https:\\\/\\\/bnuto.cultura.gov.it\\\/en\\\/#website\"},\"datePublished\":\"2023-11-22T13:40:01+00:00\",\"dateModified\":\"2023-11-22T13:50:23+00:00\",\"breadcrumb\":{\"@id\":\"https:\\\/\\\/bnuto.cultura.gov.it\\\/en\\\/events-and-news\\\/leggilo-e-raccontalo-finale-del-concorso-per-giovani-creativi\\\/#breadcrumb\"},\"inLanguage\":\"en-US\",\"potentialAction\":[{\"@type\":\"ReadAction\",\"target\":[\"https:\\\/\\\/bnuto.cultura.gov.it\\\/en\\\/events-and-news\\\/leggilo-e-raccontalo-finale-del-concorso-per-giovani-creativi\\\/\"]}]},{\"@type\":\"BreadcrumbList\",\"@id\":\"https:\\\/\\\/bnuto.cultura.gov.it\\\/en\\\/events-and-news\\\/leggilo-e-raccontalo-finale-del-concorso-per-giovani-creativi\\\/#breadcrumb\",\"itemListElement\":[{\"@type\":\"ListItem\",\"position\":1,\"name\":\"Home\",\"item\":\"https:\\\/\\\/bnuto.cultura.gov.it\\\/en\\\/\"},{\"@type\":\"ListItem\",\"position\":2,\"name\":\"Leggilo e raccontalo. Finale del concorso per giovani creativi\"}]},{\"@type\":\"WebSite\",\"@id\":\"https:\\\/\\\/bnuto.cultura.gov.it\\\/en\\\/#website\",\"url\":\"https:\\\/\\\/bnuto.cultura.gov.it\\\/en\\\/\",\"name\":\"Biblioteca Nazionale Universitaria di Torino\",\"description\":\"Un nuovo sito targato WordPress\",\"publisher\":{\"@id\":\"https:\\\/\\\/bnuto.cultura.gov.it\\\/en\\\/#organization\"},\"potentialAction\":[{\"@type\":\"SearchAction\",\"target\":{\"@type\":\"EntryPoint\",\"urlTemplate\":\"https:\\\/\\\/bnuto.cultura.gov.it\\\/en\\\/?s={search_term_string}\"},\"query-input\":{\"@type\":\"PropertyValueSpecification\",\"valueRequired\":true,\"valueName\":\"search_term_string\"}}],\"inLanguage\":\"en-US\"},{\"@type\":\"Organization\",\"@id\":\"https:\\\/\\\/bnuto.cultura.gov.it\\\/en\\\/#organization\",\"name\":\"Biblioteca Nazionale Universitaria di Torino\",\"url\":\"https:\\\/\\\/bnuto.cultura.gov.it\\\/en\\\/\",\"logo\":{\"@type\":\"ImageObject\",\"inLanguage\":\"en-US\",\"@id\":\"https:\\\/\\\/bnuto.cultura.gov.it\\\/en\\\/#\\\/schema\\\/logo\\\/image\\\/\",\"url\":\"https:\\\/\\\/bnuto.cultura.gov.it\\\/wp-content\\\/uploads\\\/2022\\\/10\\\/logo-biblioteca-nazionale-nero.png\",\"contentUrl\":\"https:\\\/\\\/bnuto.cultura.gov.it\\\/wp-content\\\/uploads\\\/2022\\\/10\\\/logo-biblioteca-nazionale-nero.png\",\"width\":70,\"height\":77,\"caption\":\"Biblioteca Nazionale Universitaria di Torino\"},\"image\":{\"@id\":\"https:\\\/\\\/bnuto.cultura.gov.it\\\/en\\\/#\\\/schema\\\/logo\\\/image\\\/\"}}]}<\/script>\n<!-- \/ Yoast SEO plugin. -->","yoast_head_json":{"title":"Leggilo e raccontalo. Finale del concorso per giovani creativi | Biblioteca Nazionale Universitaria di Torino","robots":{"index":"index","follow":"follow","max-snippet":"max-snippet:-1","max-image-preview":"max-image-preview:large","max-video-preview":"max-video-preview:-1"},"canonical":"https:\/\/bnuto.cultura.gov.it\/en\/events-and-news\/leggilo-e-raccontalo-finale-del-concorso-per-giovani-creativi\/","og_locale":"en_US","og_type":"article","og_title":"Leggilo e raccontalo. Finale del concorso per giovani creativi | Biblioteca Nazionale Universitaria di Torino","og_description":"Nell&#8217;ambito del Festival del Classico, organizzato dalla Fondazione Circolo dei Lettori, venerd\u00ec 1\u00b0 dicembre alle 10 l&#8217;Auditorium Vivaldi ospita Leggilo e raccontalo. Finale del concorso per giovani creativi. \u00a0 Studenti e studentesse di istituti secondari superiori raccontano alla giuria i libri letti, scelti fra testi della letteratura orientale, classici del teatro greco, saggi sui temi...","og_url":"https:\/\/bnuto.cultura.gov.it\/en\/events-and-news\/leggilo-e-raccontalo-finale-del-concorso-per-giovani-creativi\/","og_site_name":"Biblioteca Nazionale Universitaria di Torino","article_modified_time":"2023-11-22T13:50:23+00:00","og_image":[{"width":1920,"height":1080,"url":"https:\/\/bnuto.cultura.gov.it\/wp-content\/uploads\/2023\/11\/Leggilo-e-raccontalo-Classico23-.jpg","type":"image\/jpeg"}],"twitter_card":"summary_large_image","twitter_misc":{"Est. reading time":"1 minute"},"schema":{"@context":"https:\/\/schema.org","@graph":[{"@type":"WebPage","@id":"https:\/\/bnuto.cultura.gov.it\/en\/events-and-news\/leggilo-e-raccontalo-finale-del-concorso-per-giovani-creativi\/","url":"https:\/\/bnuto.cultura.gov.it\/en\/events-and-news\/leggilo-e-raccontalo-finale-del-concorso-per-giovani-creativi\/","name":"Leggilo e raccontalo. Finale del concorso per giovani creativi | Biblioteca Nazionale Universitaria di Torino","isPartOf":{"@id":"https:\/\/bnuto.cultura.gov.it\/en\/#website"},"datePublished":"2023-11-22T13:40:01+00:00","dateModified":"2023-11-22T13:50:23+00:00","breadcrumb":{"@id":"https:\/\/bnuto.cultura.gov.it\/en\/events-and-news\/leggilo-e-raccontalo-finale-del-concorso-per-giovani-creativi\/#breadcrumb"},"inLanguage":"en-US","potentialAction":[{"@type":"ReadAction","target":["https:\/\/bnuto.cultura.gov.it\/en\/events-and-news\/leggilo-e-raccontalo-finale-del-concorso-per-giovani-creativi\/"]}]},{"@type":"BreadcrumbList","@id":"https:\/\/bnuto.cultura.gov.it\/en\/events-and-news\/leggilo-e-raccontalo-finale-del-concorso-per-giovani-creativi\/#breadcrumb","itemListElement":[{"@type":"ListItem","position":1,"name":"Home","item":"https:\/\/bnuto.cultura.gov.it\/en\/"},{"@type":"ListItem","position":2,"name":"Leggilo e raccontalo. Finale del concorso per giovani creativi"}]},{"@type":"WebSite","@id":"https:\/\/bnuto.cultura.gov.it\/en\/#website","url":"https:\/\/bnuto.cultura.gov.it\/en\/","name":"Biblioteca Nazionale Universitaria di Torino","description":"Un nuovo sito targato WordPress","publisher":{"@id":"https:\/\/bnuto.cultura.gov.it\/en\/#organization"},"potentialAction":[{"@type":"SearchAction","target":{"@type":"EntryPoint","urlTemplate":"https:\/\/bnuto.cultura.gov.it\/en\/?s={search_term_string}"},"query-input":{"@type":"PropertyValueSpecification","valueRequired":true,"valueName":"search_term_string"}}],"inLanguage":"en-US"},{"@type":"Organization","@id":"https:\/\/bnuto.cultura.gov.it\/en\/#organization","name":"Biblioteca Nazionale Universitaria di Torino","url":"https:\/\/bnuto.cultura.gov.it\/en\/","logo":{"@type":"ImageObject","inLanguage":"en-US","@id":"https:\/\/bnuto.cultura.gov.it\/en\/#\/schema\/logo\/image\/","url":"https:\/\/bnuto.cultura.gov.it\/wp-content\/uploads\/2022\/10\/logo-biblioteca-nazionale-nero.png","contentUrl":"https:\/\/bnuto.cultura.gov.it\/wp-content\/uploads\/2022\/10\/logo-biblioteca-nazionale-nero.png","width":70,"height":77,"caption":"Biblioteca Nazionale Universitaria di Torino"},"image":{"@id":"https:\/\/bnuto.cultura.gov.it\/en\/#\/schema\/logo\/image\/"}}]}},"_links":{"self":[{"href":"https:\/\/bnuto.cultura.gov.it\/en\/wp-json\/wp\/v2\/eventi-e-news\/2371","targetHints":{"allow":["GET"]}}],"collection":[{"href":"https:\/\/bnuto.cultura.gov.it\/en\/wp-json\/wp\/v2\/eventi-e-news"}],"about":[{"href":"https:\/\/bnuto.cultura.gov.it\/en\/wp-json\/wp\/v2\/types\/eventi-e-news"}],"wp:attachment":[{"href":"https:\/\/bnuto.cultura.gov.it\/en\/wp-json\/wp\/v2\/media?parent=2371"}],"wp:term":[{"taxonomy":"categories_event","embeddable":true,"href":"https:\/\/bnuto.cultura.gov.it\/en\/wp-json\/wp\/v2\/categories_event?post=2371"}],"curies":[{"name":"wp","href":"https:\/\/api.w.org\/{rel}","templated":true}]}}