{"id":2351,"date":"2023-11-15T10:25:11","date_gmt":"2023-11-15T09:25:11","guid":{"rendered":"https:\/\/bnuto.cultura.gov.it\/?post_type=events&#038;p=2351"},"modified":"2025-12-18T11:38:43","modified_gmt":"2025-12-18T10:38:43","slug":"gran-concerto-sette-note-in-cinque-lingue-europa-in-musica","status":"publish","type":"eventi-e-news","link":"https:\/\/bnuto.cultura.gov.it\/fr\/evenements-et-actualites\/gran-concerto-sette-note-in-cinque-lingue-europa-in-musica\/","title":{"rendered":"Sabato 18 novembre: mostra &#8220;Storie di libri&#8221; e concerto &#8220;Sette note in cinque lingue: Europa in musica&#8221;"},"content":{"rendered":"","protected":false},"featured_media":2352,"template":"","meta":{"_acf_changed":false},"categories_event":[137],"class_list":["post-2351","eventi-e-news","type-eventi-e-news","status-publish","has-post-thumbnail","hentry","categories_event-musica-teatro-e-cinema"],"acf":{"data-inizio-evento":"20231118","data_fine_evento":"20231118","testo_lato_immagine":"Sabato 18 novembre la biblioteca apre eccezionalmente al pubblico:\r\n\r\ndalle 10.30 alle 17.00 mostra \ud835\udde6\ud835\ude01\ud835\uddfc\ud835\uddff\ud835\uddf6\ud835\uddf2 \ud835\uddf1\ud835\uddf6 \ud835\uddf9\ud835\uddf6\ud835\uddef\ud835\uddff\ud835\uddf6 e sale espositive permanenti, con ingresso libero e gratuito.\r\n\r\nalle 16.00 Gran concerto \ud835\udde6\ud835\uddf2\ud835\ude01\ud835\ude01\ud835\uddf2 \ud835\uddfb\ud835\uddfc\ud835\ude01\ud835\uddf2 \ud835\uddf6\ud835\uddfb \ud835\uddf0\ud835\uddf6\ud835\uddfb\ud835\uddfe\ud835\ude02\ud835\uddf2 \ud835\uddf9\ud835\uddf6\ud835\uddfb\ud835\uddf4\ud835\ude02\ud835\uddf2: \ud835\uddd8\ud835\ude02\ud835\uddff\ud835\uddfc\ud835\uddfd\ud835\uddee \ud835\uddf6\ud835\uddfb \ud835\uddfa\ud835\ude02\ud835\ude00\ud835\uddf6\ud835\uddf0\ud835\uddee.\r\n<div class=\"\" data-block=\"true\" data-editor=\"7i2nu\" data-offset-key=\"2rled-0-0\">\r\n<div class=\"_1mf _1mj\" data-offset-key=\"2rled-0-0\">OKSANA LAZAREVA contralto<\/div>\r\n<\/div>\r\n<div class=\"\" data-block=\"true\" data-editor=\"7i2nu\" data-offset-key=\"8t3g-0-0\">\r\n<div class=\"_1mf _1mj\" data-offset-key=\"8t3g-0-0\"><span data-offset-key=\"8t3g-0-0\">JASMINA DOLINSKA pianoforte <\/span><\/div>\r\n<\/div>\r\n<div class=\"\" data-block=\"true\" data-editor=\"7i2nu\" data-offset-key=\"f2qlf-0-0\">\r\n<div class=\"_1mf _1mj\" data-offset-key=\"f2qlf-0-0\"><span data-offset-key=\"f2qlf-0-0\">Musiche di Francesco Paolo Tosti, Ottorino Respighi, Franz Schubert, Johannes Brahms, P\u00ebtr Il\u2019ic Ciajkovskij, Sergej Rachmaninov, Aleksandr Scriabin, Gabriel Faur\u00e9, C\u00e9cile Chaminade, Manuel De Falla, August\u00edn Lara.<\/span><\/div>\r\n<\/div>\r\n<div class=\"\" data-block=\"true\" data-editor=\"7i2nu\" data-offset-key=\"b9vnc-0-0\">\r\n<div class=\"_1mf _1mj\" data-offset-key=\"b9vnc-0-0\"><span data-offset-key=\"b9vnc-0-0\">\u00a0<\/span><\/div>\r\n<\/div>\r\n<div class=\"\" data-block=\"true\" data-editor=\"7i2nu\" data-offset-key=\"b6ge-0-0\">\r\n<div class=\"_1mf _1mj\" data-offset-key=\"b6ge-0-0\"><span data-offset-key=\"b6ge-0-0\">Ingresso gratuito fino a esaurimento posti.<\/span><\/div>\r\n<div data-offset-key=\"b6ge-0-0\"><\/div>\r\n<\/div>\r\n<div class=\"\" data-block=\"true\" data-editor=\"7i2nu\" data-offset-key=\"abgsh-0-0\">\r\n<div class=\"_1mf _1mj\" data-offset-key=\"abgsh-0-0\">Info: bu-to.eventi@cultura.gov.it<\/div>\r\n<\/div>","form_evento":"","guarda_su_youtube":"","breve_info":"","luogo":""},"yoast_head":"<!-- This site is optimized with the Yoast SEO plugin v27.4 - https:\/\/yoast.com\/product\/yoast-seo-wordpress\/ -->\n<title>Sabato 18 novembre: mostra &quot;Storie di libri&quot; e concerto &quot;Sette note in cinque lingue: Europa in musica&quot; | Biblioteca Nazionale Universitaria di Torino<\/title>\n<meta name=\"robots\" content=\"index, follow, max-snippet:-1, max-image-preview:large, max-video-preview:-1\" \/>\n<link rel=\"canonical\" href=\"https:\/\/bnuto.cultura.gov.it\/fr\/evenements-et-actualites\/gran-concerto-sette-note-in-cinque-lingue-europa-in-musica\/\" \/>\n<meta property=\"og:locale\" content=\"fr_FR\" \/>\n<meta property=\"og:type\" content=\"article\" \/>\n<meta property=\"og:title\" content=\"Sabato 18 novembre: mostra &quot;Storie di libri&quot; e concerto &quot;Sette note in cinque lingue: Europa in musica&quot; | Biblioteca Nazionale Universitaria di Torino\" \/>\n<meta property=\"og:url\" content=\"https:\/\/bnuto.cultura.gov.it\/fr\/evenements-et-actualites\/gran-concerto-sette-note-in-cinque-lingue-europa-in-musica\/\" \/>\n<meta property=\"og:site_name\" content=\"Biblioteca Nazionale Universitaria di Torino\" \/>\n<meta property=\"article:modified_time\" content=\"2025-12-18T10:38:43+00:00\" \/>\n<meta property=\"og:image\" content=\"https:\/\/bnuto.cultura.gov.it\/wp-content\/uploads\/2023\/11\/18-novembre-concerto-scaled.jpg\" \/>\n\t<meta property=\"og:image:width\" content=\"1810\" \/>\n\t<meta property=\"og:image:height\" content=\"2560\" \/>\n\t<meta property=\"og:image:type\" content=\"image\/jpeg\" \/>\n<meta name=\"twitter:card\" content=\"summary_large_image\" \/>\n<meta name=\"twitter:label1\" content=\"Est. reading time\" \/>\n\t<meta name=\"twitter:data1\" content=\"1 minute\" \/>\n<script type=\"application\/ld+json\" class=\"yoast-schema-graph\">{\"@context\":\"https:\\\/\\\/schema.org\",\"@graph\":[{\"@type\":\"WebPage\",\"@id\":\"https:\\\/\\\/bnuto.cultura.gov.it\\\/fr\\\/evenements-et-actualites\\\/gran-concerto-sette-note-in-cinque-lingue-europa-in-musica\\\/\",\"url\":\"https:\\\/\\\/bnuto.cultura.gov.it\\\/fr\\\/evenements-et-actualites\\\/gran-concerto-sette-note-in-cinque-lingue-europa-in-musica\\\/\",\"name\":\"Sabato 18 novembre: mostra \\\"Storie di libri\\\" e concerto \\\"Sette note in cinque lingue: Europa in musica\\\" | Biblioteca Nazionale Universitaria di Torino\",\"isPartOf\":{\"@id\":\"https:\\\/\\\/bnuto.cultura.gov.it\\\/fr\\\/#website\"},\"primaryImageOfPage\":{\"@id\":\"https:\\\/\\\/bnuto.cultura.gov.it\\\/fr\\\/evenements-et-actualites\\\/gran-concerto-sette-note-in-cinque-lingue-europa-in-musica\\\/#primaryimage\"},\"image\":{\"@id\":\"https:\\\/\\\/bnuto.cultura.gov.it\\\/fr\\\/evenements-et-actualites\\\/gran-concerto-sette-note-in-cinque-lingue-europa-in-musica\\\/#primaryimage\"},\"thumbnailUrl\":\"https:\\\/\\\/bnuto.cultura.gov.it\\\/wp-content\\\/uploads\\\/2023\\\/11\\\/18-novembre-concerto-scaled.jpg\",\"datePublished\":\"2023-11-15T09:25:11+00:00\",\"dateModified\":\"2025-12-18T10:38:43+00:00\",\"breadcrumb\":{\"@id\":\"https:\\\/\\\/bnuto.cultura.gov.it\\\/fr\\\/evenements-et-actualites\\\/gran-concerto-sette-note-in-cinque-lingue-europa-in-musica\\\/#breadcrumb\"},\"inLanguage\":\"fr-FR\",\"potentialAction\":[{\"@type\":\"ReadAction\",\"target\":[\"https:\\\/\\\/bnuto.cultura.gov.it\\\/fr\\\/evenements-et-actualites\\\/gran-concerto-sette-note-in-cinque-lingue-europa-in-musica\\\/\"]}]},{\"@type\":\"ImageObject\",\"inLanguage\":\"fr-FR\",\"@id\":\"https:\\\/\\\/bnuto.cultura.gov.it\\\/fr\\\/evenements-et-actualites\\\/gran-concerto-sette-note-in-cinque-lingue-europa-in-musica\\\/#primaryimage\",\"url\":\"https:\\\/\\\/bnuto.cultura.gov.it\\\/wp-content\\\/uploads\\\/2023\\\/11\\\/18-novembre-concerto-scaled.jpg\",\"contentUrl\":\"https:\\\/\\\/bnuto.cultura.gov.it\\\/wp-content\\\/uploads\\\/2023\\\/11\\\/18-novembre-concerto-scaled.jpg\",\"width\":1810,\"height\":2560},{\"@type\":\"BreadcrumbList\",\"@id\":\"https:\\\/\\\/bnuto.cultura.gov.it\\\/fr\\\/evenements-et-actualites\\\/gran-concerto-sette-note-in-cinque-lingue-europa-in-musica\\\/#breadcrumb\",\"itemListElement\":[{\"@type\":\"ListItem\",\"position\":1,\"name\":\"Home\",\"item\":\"https:\\\/\\\/bnuto.cultura.gov.it\\\/fr\\\/\"},{\"@type\":\"ListItem\",\"position\":2,\"name\":\"Sabato 18 novembre: mostra &#8220;Storie di libri&#8221; e concerto &#8220;Sette note in cinque lingue: Europa in musica&#8221;\"}]},{\"@type\":\"WebSite\",\"@id\":\"https:\\\/\\\/bnuto.cultura.gov.it\\\/fr\\\/#website\",\"url\":\"https:\\\/\\\/bnuto.cultura.gov.it\\\/fr\\\/\",\"name\":\"Biblioteca Nazionale Universitaria di Torino\",\"description\":\"Un nuovo sito targato WordPress\",\"publisher\":{\"@id\":\"https:\\\/\\\/bnuto.cultura.gov.it\\\/fr\\\/#organization\"},\"potentialAction\":[{\"@type\":\"SearchAction\",\"target\":{\"@type\":\"EntryPoint\",\"urlTemplate\":\"https:\\\/\\\/bnuto.cultura.gov.it\\\/fr\\\/?s={search_term_string}\"},\"query-input\":{\"@type\":\"PropertyValueSpecification\",\"valueRequired\":true,\"valueName\":\"search_term_string\"}}],\"inLanguage\":\"fr-FR\"},{\"@type\":\"Organization\",\"@id\":\"https:\\\/\\\/bnuto.cultura.gov.it\\\/fr\\\/#organization\",\"name\":\"Biblioteca Nazionale Universitaria di Torino\",\"url\":\"https:\\\/\\\/bnuto.cultura.gov.it\\\/fr\\\/\",\"logo\":{\"@type\":\"ImageObject\",\"inLanguage\":\"fr-FR\",\"@id\":\"https:\\\/\\\/bnuto.cultura.gov.it\\\/fr\\\/#\\\/schema\\\/logo\\\/image\\\/\",\"url\":\"https:\\\/\\\/bnuto.cultura.gov.it\\\/wp-content\\\/uploads\\\/2022\\\/10\\\/logo-biblioteca-nazionale-nero.png\",\"contentUrl\":\"https:\\\/\\\/bnuto.cultura.gov.it\\\/wp-content\\\/uploads\\\/2022\\\/10\\\/logo-biblioteca-nazionale-nero.png\",\"width\":70,\"height\":77,\"caption\":\"Biblioteca Nazionale Universitaria di Torino\"},\"image\":{\"@id\":\"https:\\\/\\\/bnuto.cultura.gov.it\\\/fr\\\/#\\\/schema\\\/logo\\\/image\\\/\"}}]}<\/script>\n<!-- \/ Yoast SEO plugin. -->","yoast_head_json":{"title":"Sabato 18 novembre: mostra \"Storie di libri\" e concerto \"Sette note in cinque lingue: Europa in musica\" | Biblioteca Nazionale Universitaria di Torino","robots":{"index":"index","follow":"follow","max-snippet":"max-snippet:-1","max-image-preview":"max-image-preview:large","max-video-preview":"max-video-preview:-1"},"canonical":"https:\/\/bnuto.cultura.gov.it\/fr\/evenements-et-actualites\/gran-concerto-sette-note-in-cinque-lingue-europa-in-musica\/","og_locale":"fr_FR","og_type":"article","og_title":"Sabato 18 novembre: mostra \"Storie di libri\" e concerto \"Sette note in cinque lingue: Europa in musica\" | Biblioteca Nazionale Universitaria di Torino","og_url":"https:\/\/bnuto.cultura.gov.it\/fr\/evenements-et-actualites\/gran-concerto-sette-note-in-cinque-lingue-europa-in-musica\/","og_site_name":"Biblioteca Nazionale Universitaria di Torino","article_modified_time":"2025-12-18T10:38:43+00:00","og_image":[{"width":1810,"height":2560,"url":"https:\/\/bnuto.cultura.gov.it\/wp-content\/uploads\/2023\/11\/18-novembre-concerto-scaled.jpg","type":"image\/jpeg"}],"twitter_card":"summary_large_image","twitter_misc":{"Est. reading time":"1 minute"},"schema":{"@context":"https:\/\/schema.org","@graph":[{"@type":"WebPage","@id":"https:\/\/bnuto.cultura.gov.it\/fr\/evenements-et-actualites\/gran-concerto-sette-note-in-cinque-lingue-europa-in-musica\/","url":"https:\/\/bnuto.cultura.gov.it\/fr\/evenements-et-actualites\/gran-concerto-sette-note-in-cinque-lingue-europa-in-musica\/","name":"Sabato 18 novembre: mostra \"Storie di libri\" e concerto \"Sette note in cinque lingue: Europa in musica\" | Biblioteca Nazionale Universitaria di Torino","isPartOf":{"@id":"https:\/\/bnuto.cultura.gov.it\/fr\/#website"},"primaryImageOfPage":{"@id":"https:\/\/bnuto.cultura.gov.it\/fr\/evenements-et-actualites\/gran-concerto-sette-note-in-cinque-lingue-europa-in-musica\/#primaryimage"},"image":{"@id":"https:\/\/bnuto.cultura.gov.it\/fr\/evenements-et-actualites\/gran-concerto-sette-note-in-cinque-lingue-europa-in-musica\/#primaryimage"},"thumbnailUrl":"https:\/\/bnuto.cultura.gov.it\/wp-content\/uploads\/2023\/11\/18-novembre-concerto-scaled.jpg","datePublished":"2023-11-15T09:25:11+00:00","dateModified":"2025-12-18T10:38:43+00:00","breadcrumb":{"@id":"https:\/\/bnuto.cultura.gov.it\/fr\/evenements-et-actualites\/gran-concerto-sette-note-in-cinque-lingue-europa-in-musica\/#breadcrumb"},"inLanguage":"fr-FR","potentialAction":[{"@type":"ReadAction","target":["https:\/\/bnuto.cultura.gov.it\/fr\/evenements-et-actualites\/gran-concerto-sette-note-in-cinque-lingue-europa-in-musica\/"]}]},{"@type":"ImageObject","inLanguage":"fr-FR","@id":"https:\/\/bnuto.cultura.gov.it\/fr\/evenements-et-actualites\/gran-concerto-sette-note-in-cinque-lingue-europa-in-musica\/#primaryimage","url":"https:\/\/bnuto.cultura.gov.it\/wp-content\/uploads\/2023\/11\/18-novembre-concerto-scaled.jpg","contentUrl":"https:\/\/bnuto.cultura.gov.it\/wp-content\/uploads\/2023\/11\/18-novembre-concerto-scaled.jpg","width":1810,"height":2560},{"@type":"BreadcrumbList","@id":"https:\/\/bnuto.cultura.gov.it\/fr\/evenements-et-actualites\/gran-concerto-sette-note-in-cinque-lingue-europa-in-musica\/#breadcrumb","itemListElement":[{"@type":"ListItem","position":1,"name":"Home","item":"https:\/\/bnuto.cultura.gov.it\/fr\/"},{"@type":"ListItem","position":2,"name":"Sabato 18 novembre: mostra &#8220;Storie di libri&#8221; e concerto &#8220;Sette note in cinque lingue: Europa in musica&#8221;"}]},{"@type":"WebSite","@id":"https:\/\/bnuto.cultura.gov.it\/fr\/#website","url":"https:\/\/bnuto.cultura.gov.it\/fr\/","name":"Biblioteca Nazionale Universitaria di Torino","description":"Un nuovo sito targato WordPress","publisher":{"@id":"https:\/\/bnuto.cultura.gov.it\/fr\/#organization"},"potentialAction":[{"@type":"SearchAction","target":{"@type":"EntryPoint","urlTemplate":"https:\/\/bnuto.cultura.gov.it\/fr\/?s={search_term_string}"},"query-input":{"@type":"PropertyValueSpecification","valueRequired":true,"valueName":"search_term_string"}}],"inLanguage":"fr-FR"},{"@type":"Organization","@id":"https:\/\/bnuto.cultura.gov.it\/fr\/#organization","name":"Biblioteca Nazionale Universitaria di Torino","url":"https:\/\/bnuto.cultura.gov.it\/fr\/","logo":{"@type":"ImageObject","inLanguage":"fr-FR","@id":"https:\/\/bnuto.cultura.gov.it\/fr\/#\/schema\/logo\/image\/","url":"https:\/\/bnuto.cultura.gov.it\/wp-content\/uploads\/2022\/10\/logo-biblioteca-nazionale-nero.png","contentUrl":"https:\/\/bnuto.cultura.gov.it\/wp-content\/uploads\/2022\/10\/logo-biblioteca-nazionale-nero.png","width":70,"height":77,"caption":"Biblioteca Nazionale Universitaria di Torino"},"image":{"@id":"https:\/\/bnuto.cultura.gov.it\/fr\/#\/schema\/logo\/image\/"}}]}},"_links":{"self":[{"href":"https:\/\/bnuto.cultura.gov.it\/fr\/wp-json\/wp\/v2\/eventi-e-news\/2351","targetHints":{"allow":["GET"]}}],"collection":[{"href":"https:\/\/bnuto.cultura.gov.it\/fr\/wp-json\/wp\/v2\/eventi-e-news"}],"about":[{"href":"https:\/\/bnuto.cultura.gov.it\/fr\/wp-json\/wp\/v2\/types\/eventi-e-news"}],"wp:featuredmedia":[{"embeddable":true,"href":"https:\/\/bnuto.cultura.gov.it\/fr\/wp-json\/wp\/v2\/media\/2352"}],"wp:attachment":[{"href":"https:\/\/bnuto.cultura.gov.it\/fr\/wp-json\/wp\/v2\/media?parent=2351"}],"wp:term":[{"taxonomy":"categories_event","embeddable":true,"href":"https:\/\/bnuto.cultura.gov.it\/fr\/wp-json\/wp\/v2\/categories_event?post=2351"}],"curies":[{"name":"wp","href":"https:\/\/api.w.org\/{rel}","templated":true}]}}